{"id":1628,"date":"2019-12-03T15:41:25","date_gmt":"2019-12-03T18:41:25","guid":{"rendered":"https:\/\/ealujan-bue.infd.edu.ar\/sitio\/?p=1628"},"modified":"2026-04-16T16:29:48","modified_gmt":"2026-04-16T19:29:48","slug":"horarios-formacion-basica","status":"publish","type":"post","link":"https:\/\/ealujan-bue.infd.edu.ar\/sitio\/horarios-formacion-basica\/","title":{"rendered":"Horarios Formaci\u00f3n B\u00e1sica en         M\u00fasica Popular 2026"},"content":{"rendered":"<table width=\"818\" data-sheets-root=\"1\" data-sheets-baot=\"1\">\n<tbody>\n<tr>\n<td width=\"181\">LUNES<\/td>\n<td width=\"279\">FOBA 1<\/td>\n<td width=\"358\">Aula 4 &#8211; LENGUAJE MUSICAL ( Com A) &#8211; 17 a 19 &#8211; Marcsewski, D. \/Supl. Lopez, J.<\/td>\n<\/tr>\n<tr>\n<td width=\"181\"><\/td>\n<td width=\"279\">FOBA 1<\/td>\n<td width=\"358\">Aula 4- SAXO I -15 a 17 &#8211; Andrioni, I.<\/td>\n<\/tr>\n<tr>\n<td width=\"181\"><\/td>\n<td width=\"279\">FOBA 2<\/td>\n<td width=\"358\">Aula 4-SAXO II . Com A -13 a 15 &#8211; Andrioni, I.<\/td>\n<\/tr>\n<tr>\n<td width=\"181\"><\/td>\n<td width=\"279\">FOBA 2<\/td>\n<td width=\"358\">Aula 11. PR\u00c1CTICA DE CONJUNTO I. (Comisi\u00f3n A). 19 a 21 hs. Vexina, A.<\/td>\n<\/tr>\n<tr>\n<td width=\"181\"><\/td>\n<td width=\"279\">FOBA 2<\/td>\n<td width=\"358\">Aula 8. APRECIACI\u00d3N MUSICAL. 15.30 a 17.30. Com. B. Jurado, E.<\/td>\n<\/tr>\n<tr>\n<td width=\"181\"><\/td>\n<td width=\"279\">FOBA 3<\/td>\n<td width=\"358\">Aula 11- PRACT DE CONJUNTO II (Com A ) -17 a 19- Vexina, A.<\/td>\n<\/tr>\n<tr>\n<td width=\"181\"><\/td>\n<td width=\"279\"><\/td>\n<td width=\"358\"><\/td>\n<\/tr>\n<tr>\n<td width=\"181\"><span style=\"color: #ff9900;\">MARTES<\/span><\/td>\n<td width=\"279\"><span style=\"color: #ff9900;\">FOBA 1<\/span><\/td>\n<td width=\"358\"><span style=\"color: #ff9900;\">Aula 8A-LENGUAJE MUSICAL (Comisi\u00f3n C)- 19.30 a 21.30.- Marcsewski, D. \/ Harisquiry G.<\/span><\/td>\n<\/tr>\n<tr>\n<td width=\"181\"><\/td>\n<td width=\"279\"><span style=\"color: #ff9900;\">FOBA 1<\/span><\/td>\n<td width=\"358\"><span style=\"color: #ff9900;\">Aula 3- VIOLIN I- 13.30 a 15.30 &#8211; Goeta R.<\/span><\/td>\n<\/tr>\n<tr>\n<td width=\"181\"><\/td>\n<td width=\"279\"><span style=\"color: #ff9900;\">FOBA 1<\/span><\/td>\n<td width=\"358\"><span style=\"color: #ff9900;\">Aula 8A- GUITARRA (Com F.) -13 a 15-Lopez, J.<\/span><\/td>\n<\/tr>\n<tr>\n<td width=\"181\"><\/td>\n<td width=\"279\"><span style=\"color: #ff9900;\">FOBA 2<\/span><\/td>\n<td width=\"358\"><span style=\"color: #ff9900;\">Aula 2-LENGUAJE MUSICAL (Com B.) 17 a 19 &#8211; Cura J.<\/span><\/td>\n<\/tr>\n<tr>\n<td width=\"181\"><\/td>\n<td width=\"279\"><span style=\"color: #ff9900;\">FOBA 2<\/span><\/td>\n<td width=\"358\"><span style=\"color: #ff9900;\">Aula 9 y 9A- LENGUAJE MUSICAL (Com A-15 a 17) -Cura J.<\/span><\/td>\n<\/tr>\n<tr>\n<td width=\"181\"><\/td>\n<td width=\"279\"><span style=\"color: #ff9900;\">FOBA 2<\/span><\/td>\n<td width=\"358\"><span style=\"color: #ff9900;\">Aula 6- VIOLIN-19.30 a 21.30 -Goeta R.<\/span><\/td>\n<\/tr>\n<tr>\n<td width=\"181\"><\/td>\n<td width=\"279\"><span style=\"color: #ff9900;\">FOBA 2<\/span><\/td>\n<td width=\"358\"><span style=\"color: #ff9900;\">Aula 10-PRACT. DE CONJUNTO (Com C).-19.30 a 21.30- Rey, R.<\/span><\/td>\n<\/tr>\n<tr>\n<td width=\"181\"><\/td>\n<td width=\"279\"><span style=\"color: #ff9900;\">FOBA 2<\/span><\/td>\n<td width=\"358\"><span style=\"color: #ff9900;\">Aula 11-PRACT. DE CONJUNTO (Com B)-19.30 a 21.30.- Seitz<\/span><\/td>\n<\/tr>\n<tr>\n<td width=\"181\"><\/td>\n<td width=\"279\"><span style=\"color: #ff9900;\">FOBA 3<\/span><\/td>\n<td width=\"358\"><span style=\"color: #ff9900;\">Aula 6- VIOLIN-19.30 a 21.30-Goeta R (Fusionado con FoBa II)<\/span><\/td>\n<\/tr>\n<tr>\n<td width=\"181\"><\/td>\n<td width=\"279\"><span style=\"color: #ff9900;\">FOBA 3<\/span><\/td>\n<td width=\"358\"><span style=\"color: #ff9900;\">Aula 8 A. Instrumento arm\u00f3nico GUITARRA. 17 a 19 hs. Cardozo, M.<\/span><\/td>\n<\/tr>\n<tr>\n<td width=\"181\"><\/td>\n<td width=\"279\"><span style=\"color: #ff9900;\">FOBA 3<\/span><\/td>\n<td width=\"358\"><span style=\"color: #ff9900;\">Aula 2-LENGUAJE MUSICAL-19 a 21hs-Cura, J.<\/span><\/td>\n<\/tr>\n<tr>\n<td width=\"181\">MIERCOLES<\/td>\n<td width=\"279\">FOBA 1<\/td>\n<td width=\"358\">Aula 12&#8211;PIANO (Com A 14 a 16. Com B. 16 a 18 hs) -Gallego, H. (cambia a aula 3 a las 17 hs)<\/td>\n<\/tr>\n<tr>\n<td width=\"181\"><\/td>\n<td width=\"279\">FOBA 1<\/td>\n<td width=\"358\">Aula 3. PIANO. Com C. 18 a 20 hs.- Gallego, H..<\/td>\n<\/tr>\n<tr>\n<td width=\"181\"><\/td>\n<td width=\"279\">FOBA 1<\/td>\n<td width=\"358\">Aula 10-LENGUAJE MUSICAL (Com A) &#8211; 17 a 19-Marcsewski, D\/Lopez, J.<\/td>\n<\/tr>\n<tr>\n<td width=\"181\"><\/td>\n<td width=\"279\">FOBA 1<\/td>\n<td width=\"358\">Aula 10-LENGUAJE MUSICAL (Com B)-19 a 21 -Cura J.<\/td>\n<\/tr>\n<tr>\n<td width=\"181\"><\/td>\n<td width=\"279\">FOBA 1<\/td>\n<td width=\"358\">Aula 6-BANDONEON-16 a 18. -Giannasio M.<\/td>\n<\/tr>\n<tr>\n<td width=\"181\"><\/td>\n<td width=\"279\">FOBA 1<\/td>\n<td width=\"358\">Aula 8A &#8211; GUITARRA (Com E) &#8211; 14.30 a 16.30 &#8211; Fonseca E.<\/td>\n<\/tr>\n<tr>\n<td width=\"181\"><\/td>\n<td width=\"279\">FOBA 2<\/td>\n<td width=\"358\">Aula 3-PIANO Com A-20 a 22- Gallego, H.<\/td>\n<\/tr>\n<tr>\n<td width=\"181\"><\/td>\n<td width=\"279\">FOBA 2<\/td>\n<td width=\"358\">Aula 12-GUITARRA Com D -12 a 14-Antonio A.<\/td>\n<\/tr>\n<tr>\n<td width=\"181\"><\/td>\n<td width=\"279\">FOBA 2<\/td>\n<td width=\"358\">Aula 6 &#8211; BANDONEON -16 a 18 &#8211; Giannasio M.<\/td>\n<\/tr>\n<tr>\n<td width=\"181\"><\/td>\n<td width=\"279\">FOBA 2<\/td>\n<td width=\"358\">Aula 8-Aprec. Musical (Com A)- 14.30 a 16.30 &#8211; Jurado, E.<\/td>\n<\/tr>\n<tr>\n<td width=\"181\"><\/td>\n<td width=\"279\">FOBA 3<\/td>\n<td width=\"358\">Aula 11-GUITARRA (Com A) -14 a 17- Antonio, A.<\/td>\n<\/tr>\n<tr>\n<td width=\"181\"><\/td>\n<td width=\"279\">FOBA 3<\/td>\n<td width=\"358\">Aula 6 &#8211; BANDONEON -16 a 18 -Giannasio, M.<\/td>\n<\/tr>\n<tr>\n<td width=\"181\"><\/td>\n<td width=\"279\">FOBA 3<\/td>\n<td width=\"358\">Aula 11 &#8211; SAXO III &#8211; 19 a 21- Andrioni, I.<\/td>\n<\/tr>\n<tr>\n<td width=\"181\"><\/td>\n<td width=\"279\">FOBA 3<\/td>\n<td width=\"358\">Aula 7-GUITARRA (Com B)- 12.30 a 14.30 &#8211; Fonseca, E.<\/td>\n<\/tr>\n<tr>\n<td width=\"181\"><\/td>\n<td width=\"279\">FOBA 3<\/td>\n<td width=\"358\">Aula 4 -Ap. Jazz &#8211; Ap. Folck &#8211; Ap. Tango &#8211; 19,30 a 22,30 .- Sanchez &#8211; Dawidiuk -A. L\u00f3pez<\/td>\n<\/tr>\n<tr>\n<td width=\"181\"><\/td>\n<td width=\"279\">FOBA 3<\/td>\n<td width=\"358\">Aula 11 -10.30 a 12.30- Pract. De Conjunto (Com B) -Vexina, A.<\/td>\n<\/tr>\n<tr>\n<td width=\"181\"><span style=\"color: #ff9900;\">JUEVES<\/span><\/td>\n<td width=\"279\"><span style=\"color: #ff9900;\">FOBA 1<\/span><\/td>\n<td width=\"358\"><span style=\"color: #ff9900;\">Aula 12 &#8211; 14 a 16- Bajo (Com A) &#8211; Vexina<\/span><\/td>\n<\/tr>\n<tr>\n<td width=\"181\"><\/td>\n<td width=\"279\"><span style=\"color: #ff9900;\">FOBA 1<\/span><\/td>\n<td width=\"358\"><span style=\"color: #ff9900;\">Aula 12 &#8211; 16 a 18 &#8211; Bajo (Com B) &#8211; Vexina<\/span><\/td>\n<\/tr>\n<tr>\n<td width=\"181\"><\/td>\n<td width=\"279\"><span style=\"color: #ff9900;\">FOBA 1<\/span><\/td>\n<td width=\"358\"><span style=\"color: #ff9900;\">Aula 11 &#8211; 14 a 16 &#8211; Bateria (Com A) &#8211; Luchetti<\/span><\/td>\n<\/tr>\n<tr>\n<td width=\"181\"><\/td>\n<td width=\"279\"><span style=\"color: #ff9900;\">FOBA 1<\/span><\/td>\n<td width=\"358\"><span style=\"color: #ff9900;\">Aula 11 &#8211; 18 a 20 &#8211; Bateria (Com B) &#8211; Luchetti<\/span><\/td>\n<\/tr>\n<tr>\n<td width=\"181\"><\/td>\n<td width=\"279\"><span style=\"color: #ff9900;\">FOBA 1<\/span><\/td>\n<td width=\"358\"><span style=\"color: #ff9900;\">Aula 8 &#8211; 19,30 a 21,30 &#8211; Lenguaje Mus. (Com C) &#8211; Marczewski\/Harisquiry<\/span><\/td>\n<\/tr>\n<tr>\n<td width=\"181\"><\/td>\n<td width=\"279\"><span style=\"color: #ff9900;\">FOBA 2<\/span><\/td>\n<td width=\"358\"><span style=\"color: #ff9900;\">Aula 11 &#8211; 16 a 18 &#8211; Bateria (Com A) &#8211; Luchetti<\/span><\/td>\n<\/tr>\n<tr>\n<td width=\"181\"><\/td>\n<td width=\"279\"><span style=\"color: #ff9900;\">FOBA 2<\/span><\/td>\n<td width=\"358\"><span style=\"color: #ff9900;\">Aula 11 &#8211; 20 a 22 &#8211; Bateria II &#8211; (Com B) &#8211; Luchetti\u00a0<\/span><\/td>\n<\/tr>\n<tr>\n<td width=\"181\"><\/td>\n<td width=\"279\"><span style=\"color: #ff9900;\">FOBA 2<\/span><\/td>\n<td width=\"358\"><span style=\"color: #ff9900;\">Aula 12- 18 a 20 &#8211; Bajo II &#8211; Vexina<\/span><\/td>\n<\/tr>\n<tr>\n<td width=\"181\"><\/td>\n<td width=\"279\"><span style=\"color: #ff9900;\">FOBA 3<\/span><\/td>\n<td width=\"358\"><span style=\"color: #ff9900;\">Aula 12 &#8211; 20 a 21 &#8211; Bajo II &#8211; Vexina\u00a0<\/span><\/td>\n<\/tr>\n<tr>\n<td width=\"181\"><\/td>\n<td width=\"279\"><span style=\"color: #ff9900;\">FOBA 3<\/span><\/td>\n<td width=\"358\"><span style=\"color: #ff9900;\">Aula 11 &#8211; 20 a 22 &#8211; Bateria III &#8211; Luchetti\u00a0<\/span><\/td>\n<\/tr>\n<tr>\n<td width=\"181\">VIERNES<\/td>\n<td width=\"279\">FOBA 1<\/td>\n<td width=\"358\">Aula 6 &#8211; 9.30 a 11.30 -(Com C) &#8211; Guitarra I &#8211; Vernieri, P.<\/td>\n<\/tr>\n<tr>\n<td width=\"181\"><\/td>\n<td width=\"279\">FOBA 1<\/td>\n<td width=\"358\">Aula 11 &#8211; 11,30 a 13,30 hs- (Com. A) Guitarra I &#8211; Vernieri, P.<\/td>\n<\/tr>\n<tr>\n<td width=\"181\"><\/td>\n<td width=\"279\">FOBA 1<\/td>\n<td width=\"358\">Aula 12 &#8211; 19,30 a 21,30 &#8211; Guitarra (Com B ) &#8211; Guitarra I &#8211; Antonio, A.<\/td>\n<\/tr>\n<tr>\n<td width=\"181\"><\/td>\n<td width=\"279\">FOBA 1<\/td>\n<td width=\"358\">Aula 11 &#8211; 17.30 a 19.30 &#8211; (Com. G) &#8211; Guitarra I &#8211; Antonio, A.<\/td>\n<\/tr>\n<tr>\n<td width=\"181\"><\/td>\n<td width=\"279\">FOBA 1<\/td>\n<td width=\"358\">Aula 11 &#8211; 19,30 a 21,30 &#8211; (Com B) &#8211; Guitarra I &#8211; Antonio A.<\/td>\n<\/tr>\n<tr>\n<td width=\"181\"><\/td>\n<td width=\"279\">FOBA 1<\/td>\n<td width=\"358\">Aula 9A &#8211; 18.30 a 20.30 &#8211; Lenguaje Musical I &#8211; (Com B) &#8211; J. Cura<\/td>\n<\/tr>\n<tr>\n<td width=\"181\"><\/td>\n<td width=\"279\">FOBA 2<\/td>\n<td width=\"358\">Aula 3 &#8211; 13,30 a 15,30 &#8211; Piano II &#8211; (Com B) &#8211; Gallego, H.<\/td>\n<\/tr>\n<tr>\n<td width=\"181\"><\/td>\n<td width=\"279\"><\/td>\n<td width=\"358\"><\/td>\n<\/tr>\n<tr>\n<td width=\"181\"><\/td>\n<td width=\"279\">FOBA 2<\/td>\n<td width=\"358\">Aula 11 &#8211; 19,30 a 21,30 &#8211; Guitarra II &#8211; (Com A) &#8211; Vernieri, P.<\/td>\n<\/tr>\n<tr>\n<td width=\"181\"><\/td>\n<td width=\"279\">FOBA 2<\/td>\n<td width=\"358\">Aula 11 &#8211; 13,30 a 15,30 &#8211; Guitarra II &#8211; (Com B) &#8211; Antonio, A.<\/td>\n<\/tr>\n<tr>\n<td width=\"181\"><\/td>\n<td width=\"279\">FOBA 2<\/td>\n<td width=\"358\">Aula 12 &#8211; 15.30 a 17.30 &#8211; Guitarra II &#8211; (Com C) &#8211; Antonio, A.<\/td>\n<\/tr>\n<tr>\n<td width=\"181\"><\/td>\n<td width=\"279\">FOBA 2<\/td>\n<td width=\"358\">Aula 4 &#8211; 17.30 a 19.30 &#8211; Pr\u00e1ct. Coral &#8211; Jurado, E.<\/td>\n<\/tr>\n<tr>\n<td width=\"181\"><\/td>\n<td width=\"279\">FOBA 2<\/td>\n<td width=\"358\">Aula 10 &#8211; 20,30 a 22,30 &#8211; Lenguaje Mus II (Com B) &#8211; Cura, J.<\/td>\n<\/tr>\n<tr>\n<td width=\"181\"><\/td>\n<td width=\"279\">FOBA 3<\/td>\n<td width=\"358\">Aula 3 &#8211; 15,30 a 17,30 &#8211; Piano Armonico &#8211; Harisquiry, G.<\/td>\n<\/tr>\n<tr>\n<td width=\"181\"><\/td>\n<td width=\"279\">FOBA 3<\/td>\n<td width=\"358\">Aula 3 &#8211; 19,30 a 21,30 &#8211; Piano III -Sarrabairouse, J.<\/td>\n<\/tr>\n<tr>\n<td width=\"181\"><span style=\"color: #ff9900;\">SABADO<\/span><\/td>\n<td width=\"279\"><span style=\"color: #ff9900;\">FOBA 2<\/span><\/td>\n<td width=\"358\"><span style=\"color: #ff9900;\">Aula 4 . 10 a 12- Lenguaje Musical II -Com A &#8211; Cura, J.<\/span><\/td>\n<\/tr>\n<tr>\n<td width=\"181\"><\/td>\n<td width=\"279\"><span style=\"color: #ff9900;\">FOBA 3<\/span><\/td>\n<td width=\"358\"><span style=\"color: #ff9900;\">Aula 5 de 8 a 10- Lenguaje Musical III &#8211; Cura, J.<\/span><\/td>\n<\/tr>\n<tr>\n<td width=\"181\"><\/td>\n<td width=\"279\"><\/td>\n<td width=\"358\"><\/td>\n<\/tr>\n<\/tbody>\n<\/table>\n","protected":false},"excerpt":{"rendered":"<p>LUNES FOBA 1 Aula 4 &#8211; LENGUAJE MUSICAL ( Com A) &#8211; 17 a 19 &#8211; Marcsewski, D. \/Supl. Lopez, J. FOBA 1 Aula 4- SAXO I -15 a 17 &#8211; Andrioni, I. FOBA 2 Aula 4-SAXO II . Com A -13 a 15 &#8211; Andrioni, I. FOBA 2 Aula 11. PR\u00c1CTICA DE CONJUNTO I. &#8230; <a title=\"Horarios Formaci\u00f3n B\u00e1sica en         M\u00fasica Popular 2026\" class=\"read-more\" href=\"https:\/\/ealujan-bue.infd.edu.ar\/sitio\/horarios-formacion-basica\/\" aria-label=\"More on Horarios Formaci\u00f3n B\u00e1sica en         M\u00fasica Popular 2026\">[+]<\/a><\/p>\n","protected":false},"author":337,"featured_media":0,"comment_status":"open","ping_status":"open","sticky":false,"template":"","format":"standard","meta":[],"categories":[18],"tags":[],"acf":[],"_links":{"self":[{"href":"https:\/\/ealujan-bue.infd.edu.ar\/sitio\/wp-json\/wp\/v2\/posts\/1628"}],"collection":[{"href":"https:\/\/ealujan-bue.infd.edu.ar\/sitio\/wp-json\/wp\/v2\/posts"}],"about":[{"href":"https:\/\/ealujan-bue.infd.edu.ar\/sitio\/wp-json\/wp\/v2\/types\/post"}],"author":[{"embeddable":true,"href":"https:\/\/ealujan-bue.infd.edu.ar\/sitio\/wp-json\/wp\/v2\/users\/337"}],"replies":[{"embeddable":true,"href":"https:\/\/ealujan-bue.infd.edu.ar\/sitio\/wp-json\/wp\/v2\/comments?post=1628"}],"version-history":[{"count":38,"href":"https:\/\/ealujan-bue.infd.edu.ar\/sitio\/wp-json\/wp\/v2\/posts\/1628\/revisions"}],"predecessor-version":[{"id":6618,"href":"https:\/\/ealujan-bue.infd.edu.ar\/sitio\/wp-json\/wp\/v2\/posts\/1628\/revisions\/6618"}],"wp:attachment":[{"href":"https:\/\/ealujan-bue.infd.edu.ar\/sitio\/wp-json\/wp\/v2\/media?parent=1628"}],"wp:term":[{"taxonomy":"category","embeddable":true,"href":"https:\/\/ealujan-bue.infd.edu.ar\/sitio\/wp-json\/wp\/v2\/categories?post=1628"},{"taxonomy":"post_tag","embeddable":true,"href":"https:\/\/ealujan-bue.infd.edu.ar\/sitio\/wp-json\/wp\/v2\/tags?post=1628"}],"curies":[{"name":"wp","href":"https:\/\/api.w.org\/{rel}","templated":true}]}}